{"id":1053,"date":"2024-11-28T11:02:31","date_gmt":"2024-11-28T11:02:31","guid":{"rendered":"https:\/\/www.vonfuerstenberg.com\/?p=1053"},"modified":"2025-05-26T14:44:56","modified_gmt":"2025-05-26T14:44:56","slug":"hamad","status":"publish","type":"post","link":"https:\/\/www.vonfuerstenberg.com\/index.php\/2024\/11\/28\/hamad\/","title":{"rendered":"Die gl\u00fcckliche Palme \u2013 Ein kreatives Meisterwerk von Hamad"},"content":{"rendered":"\n<p class=\"wp-block-paragraph\">Der junge K\u00fcnstler Hamad und Stephanie von F\u00fcrstenberg haben gemeinsam in Gauting das Kunstwerk <em>Die gl\u00fcckliche Palme<\/em> geschaffen. Mit viel Freude und Kreativit\u00e4t ist ein au\u00dfergew\u00f6hnliches Gem\u00e4lde entstanden, auf das wir sehr stolz sind.<\/p>\n\n\n\n<p class=\"wp-block-paragraph\">Bald wird dieses besondere Werk als Kunstkarte bei <a href=\"https:\/\/www.reiter-kunstverlag.ch\/\" target=\"_blank\" rel=\"noopener\">Reiter Kunstverlag<\/a> erh\u00e4ltlich sein!<\/p>\n\n\n\n<figure class=\"wp-block-image size-full\"><img fetchpriority=\"high\" decoding=\"async\" width=\"600\" height=\"600\" src=\"https:\/\/www.vonfuerstenberg.com\/wp-content\/uploads\/2025\/02\/Hamad_glueckliche_palme-web.jpg\" alt=\"\" class=\"wp-image-1061\" srcset=\"https:\/\/www.vonfuerstenberg.com\/wp-content\/uploads\/2025\/02\/Hamad_glueckliche_palme-web.jpg 600w, https:\/\/www.vonfuerstenberg.com\/wp-content\/uploads\/2025\/02\/Hamad_glueckliche_palme-web-300x300.jpg 300w, https:\/\/www.vonfuerstenberg.com\/wp-content\/uploads\/2025\/02\/Hamad_glueckliche_palme-web-150x150.jpg 150w\" sizes=\"(max-width: 600px) 100vw, 600px\" \/><\/figure>\n\n\n\n<figure class=\"wp-block-gallery has-nested-images columns-default is-cropped wp-block-gallery-1 is-layout-flex wp-block-gallery-is-layout-flex\">\n<figure class=\"wp-block-image size-large\"><img decoding=\"async\" data-id=\"1056\" src=\"https:\/\/www.vonfuerstenberg.com\/wp-content\/uploads\/2025\/02\/hamad_atelier.jpg\" alt=\"\" class=\"wp-image-1056\"\/><\/figure>\n\n\n\n<figure class=\"wp-block-image size-large\"><img decoding=\"async\" width=\"600\" height=\"800\" data-id=\"1058\" src=\"https:\/\/www.vonfuerstenberg.com\/wp-content\/uploads\/2025\/02\/hamad_blumen_stefanie.jpg\" alt=\"\" class=\"wp-image-1058\" srcset=\"https:\/\/www.vonfuerstenberg.com\/wp-content\/uploads\/2025\/02\/hamad_blumen_stefanie.jpg 600w, https:\/\/www.vonfuerstenberg.com\/wp-content\/uploads\/2025\/02\/hamad_blumen_stefanie-225x300.jpg 225w\" sizes=\"(max-width: 600px) 100vw, 600px\" \/><\/figure>\n\n\n\n<figure class=\"wp-block-image size-large\"><img decoding=\"async\" width=\"600\" height=\"800\" data-id=\"1055\" src=\"https:\/\/www.vonfuerstenberg.com\/wp-content\/uploads\/2025\/02\/hamad_hand.jpg\" alt=\"\" class=\"wp-image-1055\" srcset=\"https:\/\/www.vonfuerstenberg.com\/wp-content\/uploads\/2025\/02\/hamad_hand.jpg 600w, https:\/\/www.vonfuerstenberg.com\/wp-content\/uploads\/2025\/02\/hamad_hand-225x300.jpg 225w\" sizes=\"(max-width: 600px) 100vw, 600px\" \/><\/figure>\n\n\n\n<figure class=\"wp-block-image size-large\"><img loading=\"lazy\" decoding=\"async\" width=\"600\" height=\"800\" data-id=\"1054\" src=\"https:\/\/www.vonfuerstenberg.com\/wp-content\/uploads\/2025\/02\/hamad_malen.jpg\" alt=\"\" class=\"wp-image-1054\" srcset=\"https:\/\/www.vonfuerstenberg.com\/wp-content\/uploads\/2025\/02\/hamad_malen.jpg 600w, https:\/\/www.vonfuerstenberg.com\/wp-content\/uploads\/2025\/02\/hamad_malen-225x300.jpg 225w\" sizes=\"(max-width: 600px) 100vw, 600px\" \/><\/figure>\n\n\n\n<figure class=\"wp-block-image size-large\"><img loading=\"lazy\" decoding=\"async\" width=\"600\" height=\"800\" data-id=\"1057\" src=\"https:\/\/www.vonfuerstenberg.com\/wp-content\/uploads\/2025\/02\/hamad_stefanie.jpg\" alt=\"\" class=\"wp-image-1057\" srcset=\"https:\/\/www.vonfuerstenberg.com\/wp-content\/uploads\/2025\/02\/hamad_stefanie.jpg 600w, https:\/\/www.vonfuerstenberg.com\/wp-content\/uploads\/2025\/02\/hamad_stefanie-225x300.jpg 225w\" sizes=\"(max-width: 600px) 100vw, 600px\" \/><\/figure>\n\n\n\n<figure class=\"wp-block-image size-full\"><img loading=\"lazy\" decoding=\"async\" width=\"677\" height=\"677\" data-id=\"1174\" src=\"https:\/\/www.vonfuerstenberg.com\/wp-content\/uploads\/2024\/11\/kunstkarte_hamad.webp\" alt=\"\" class=\"wp-image-1174\" srcset=\"https:\/\/www.vonfuerstenberg.com\/wp-content\/uploads\/2024\/11\/kunstkarte_hamad.webp 677w, https:\/\/www.vonfuerstenberg.com\/wp-content\/uploads\/2024\/11\/kunstkarte_hamad-300x300.webp 300w, https:\/\/www.vonfuerstenberg.com\/wp-content\/uploads\/2024\/11\/kunstkarte_hamad-150x150.webp 150w\" sizes=\"(max-width: 677px) 100vw, 677px\" \/><\/figure>\n<\/figure>\n","protected":false},"excerpt":{"rendered":"<p>Der junge K\u00fcnstler Hamad und Stephanie von F\u00fcrstenberg haben gemeinsam in Gauting das Kunstwerk Die gl\u00fcckliche Palme geschaffen. Mit viel Freude und Kreativit\u00e4t ist ein au\u00dfergew\u00f6hnliches Gem\u00e4lde entstanden, auf das wir sehr stolz sind. Bald wird dieses besondere Werk als Kunstkarte bei Reiter Kunstverlag erh\u00e4ltlich sein!<\/p>\n","protected":false},"author":1,"featured_media":1063,"comment_status":"closed","ping_status":"closed","sticky":false,"template":"","format":"standard","meta":{"footnotes":""},"categories":[1],"tags":[],"class_list":["post-1053","post","type-post","status-publish","format-standard","has-post-thumbnail","hentry","category-uncategorized"],"_links":{"self":[{"href":"https:\/\/www.vonfuerstenberg.com\/index.php\/wp-json\/wp\/v2\/posts\/1053","targetHints":{"allow":["GET"]}}],"collection":[{"href":"https:\/\/www.vonfuerstenberg.com\/index.php\/wp-json\/wp\/v2\/posts"}],"about":[{"href":"https:\/\/www.vonfuerstenberg.com\/index.php\/wp-json\/wp\/v2\/types\/post"}],"author":[{"embeddable":true,"href":"https:\/\/www.vonfuerstenberg.com\/index.php\/wp-json\/wp\/v2\/users\/1"}],"replies":[{"embeddable":true,"href":"https:\/\/www.vonfuerstenberg.com\/index.php\/wp-json\/wp\/v2\/comments?post=1053"}],"version-history":[{"count":6,"href":"https:\/\/www.vonfuerstenberg.com\/index.php\/wp-json\/wp\/v2\/posts\/1053\/revisions"}],"predecessor-version":[{"id":1175,"href":"https:\/\/www.vonfuerstenberg.com\/index.php\/wp-json\/wp\/v2\/posts\/1053\/revisions\/1175"}],"wp:featuredmedia":[{"embeddable":true,"href":"https:\/\/www.vonfuerstenberg.com\/index.php\/wp-json\/wp\/v2\/media\/1063"}],"wp:attachment":[{"href":"https:\/\/www.vonfuerstenberg.com\/index.php\/wp-json\/wp\/v2\/media?parent=1053"}],"wp:term":[{"taxonomy":"category","embeddable":true,"href":"https:\/\/www.vonfuerstenberg.com\/index.php\/wp-json\/wp\/v2\/categories?post=1053"},{"taxonomy":"post_tag","embeddable":true,"href":"https:\/\/www.vonfuerstenberg.com\/index.php\/wp-json\/wp\/v2\/tags?post=1053"}],"curies":[{"name":"wp","href":"https:\/\/api.w.org\/{rel}","templated":true}]}}