{"id":425,"date":"2024-12-02T11:06:35","date_gmt":"2024-12-02T11:06:35","guid":{"rendered":"https:\/\/www.vonfuerstenberg.com\/?p=425"},"modified":"2025-12-16T15:00:12","modified_gmt":"2025-12-16T15:00:12","slug":"trisor-event","status":"publish","type":"post","link":"https:\/\/www.vonfuerstenberg.com\/index.php\/2024\/12\/02\/trisor-event\/","title":{"rendered":"TRISOR &#8211; Event"},"content":{"rendered":"\n<p class=\"wp-block-paragraph\">Kunst trifft Architektur \u2013 eine perfekte Symbiose bei Trisor M\u00fcnchen \u2728<br><br>Seit letzter Woche bereichert eine ganz besondere Kunstausstellung von Stephanie von F\u00fcrstenberg unseren Trisor-Standort in M\u00fcnchen. Die Werke der K\u00fcnstlerin, die Teil des von VISIONARY CONCEPT N\u00b032\/5 kuratierten &#8222;Gold Series&#8220;-Projekts sind, f\u00fcgen sich nahtlos in das beeindruckende Design von <a href=\"https:\/\/www.linkedin.com\/in\/ACoAABUOnGoBr1A-7CNM4xiqZcndg0a0B4gcuqI\" target=\"_blank\" rel=\"noopener\"><\/a><a href=\"https:\/\/www.linkedin.com\/in\/hadi-teherani-ab638b9a\/\" target=\"_blank\" rel=\"noopener\">Hadi Teherani<\/a> ein, dem renommierten Architekten unseres Standorts.<\/p>\n\n\n\n<figure class=\"wp-block-image size-full\"><img fetchpriority=\"high\" decoding=\"async\" width=\"2560\" height=\"1707\" src=\"https:\/\/www.vonfuerstenberg.com\/wp-content\/uploads\/2025\/01\/DSC_4614-scaled.jpg\" alt=\"\" class=\"wp-image-512\" srcset=\"https:\/\/www.vonfuerstenberg.com\/wp-content\/uploads\/2025\/01\/DSC_4614-scaled.jpg 2560w, https:\/\/www.vonfuerstenberg.com\/wp-content\/uploads\/2025\/01\/DSC_4614-300x200.jpg 300w, https:\/\/www.vonfuerstenberg.com\/wp-content\/uploads\/2025\/01\/DSC_4614-1024x683.jpg 1024w, https:\/\/www.vonfuerstenberg.com\/wp-content\/uploads\/2025\/01\/DSC_4614-768x512.jpg 768w, https:\/\/www.vonfuerstenberg.com\/wp-content\/uploads\/2025\/01\/DSC_4614-1536x1024.jpg 1536w, https:\/\/www.vonfuerstenberg.com\/wp-content\/uploads\/2025\/01\/DSC_4614-2048x1365.jpg 2048w\" sizes=\"(max-width: 2560px) 100vw, 2560px\" \/><figcaption class=\"wp-element-caption\">Trisor M\u00fcnchen am 2.12.2024. Fotocredit: Hannes Magerst\u00e4dt<br><\/figcaption><\/figure>\n\n\n\n<p class=\"wp-block-paragraph\">Die Ausstellung verbindet Kreativit\u00e4t, Kultur und eine faszinierende Familiengeschichte, die auch K\u00fcnstler wie Vincent van Gogh streifte. Die Bilder verleihen unseren R\u00e4umen nicht nur eine besondere \u00c4sthetik, sondern betonen die einzigartige Atmosph\u00e4re unseres Standorts.<br><br>Besuchen Sie uns gerne w\u00e4hrend unserer Servicezeiten, Montag bis Samstag von 9 bis 18 Uhr, und lassen Sie sich von der Kunst inspirieren.<\/p>\n\n\n\n<figure class=\"wp-block-gallery has-nested-images columns-default is-cropped wp-block-gallery-1 is-layout-flex wp-block-gallery-is-layout-flex\">\n<figure class=\"wp-block-image size-large\"><img decoding=\"async\" width=\"683\" height=\"1024\" data-id=\"510\" src=\"https:\/\/www.vonfuerstenberg.com\/wp-content\/uploads\/2025\/01\/DSC_4609-683x1024.jpg\" alt=\"\" class=\"wp-image-510\" srcset=\"https:\/\/www.vonfuerstenberg.com\/wp-content\/uploads\/2025\/01\/DSC_4609-683x1024.jpg 683w, https:\/\/www.vonfuerstenberg.com\/wp-content\/uploads\/2025\/01\/DSC_4609-200x300.jpg 200w, https:\/\/www.vonfuerstenberg.com\/wp-content\/uploads\/2025\/01\/DSC_4609-768x1152.jpg 768w, https:\/\/www.vonfuerstenberg.com\/wp-content\/uploads\/2025\/01\/DSC_4609-1024x1536.jpg 1024w, https:\/\/www.vonfuerstenberg.com\/wp-content\/uploads\/2025\/01\/DSC_4609-1365x2048.jpg 1365w, https:\/\/www.vonfuerstenberg.com\/wp-content\/uploads\/2025\/01\/DSC_4609-scaled.jpg 1707w\" sizes=\"(max-width: 683px) 100vw, 683px\" \/><figcaption class=\"wp-element-caption\"><br><br>Fotocredit:<br>Hannes Magerst\u00e4dt<br>hannes@magerstaedt.de<br>Mobil.+49172 8178700<\/figcaption><\/figure>\n\n\n\n<figure class=\"wp-block-image size-large\"><img decoding=\"async\" width=\"683\" height=\"1024\" data-id=\"513\" src=\"https:\/\/www.vonfuerstenberg.com\/wp-content\/uploads\/2025\/01\/DSC_6568-683x1024.jpg\" alt=\"\" class=\"wp-image-513\" srcset=\"https:\/\/www.vonfuerstenberg.com\/wp-content\/uploads\/2025\/01\/DSC_6568-683x1024.jpg 683w, https:\/\/www.vonfuerstenberg.com\/wp-content\/uploads\/2025\/01\/DSC_6568-200x300.jpg 200w, https:\/\/www.vonfuerstenberg.com\/wp-content\/uploads\/2025\/01\/DSC_6568-768x1152.jpg 768w, https:\/\/www.vonfuerstenberg.com\/wp-content\/uploads\/2025\/01\/DSC_6568-1024x1536.jpg 1024w, https:\/\/www.vonfuerstenberg.com\/wp-content\/uploads\/2025\/01\/DSC_6568-1365x2048.jpg 1365w, https:\/\/www.vonfuerstenberg.com\/wp-content\/uploads\/2025\/01\/DSC_6568-scaled.jpg 1707w\" sizes=\"(max-width: 683px) 100vw, 683px\" \/><\/figure>\n\n\n\n<figure class=\"wp-block-image size-large\"><img loading=\"lazy\" decoding=\"async\" width=\"1024\" height=\"683\" data-id=\"512\" src=\"https:\/\/www.vonfuerstenberg.com\/wp-content\/uploads\/2025\/01\/DSC_4614-1024x683.jpg\" alt=\"\" class=\"wp-image-512\" srcset=\"https:\/\/www.vonfuerstenberg.com\/wp-content\/uploads\/2025\/01\/DSC_4614-1024x683.jpg 1024w, https:\/\/www.vonfuerstenberg.com\/wp-content\/uploads\/2025\/01\/DSC_4614-300x200.jpg 300w, https:\/\/www.vonfuerstenberg.com\/wp-content\/uploads\/2025\/01\/DSC_4614-768x512.jpg 768w, https:\/\/www.vonfuerstenberg.com\/wp-content\/uploads\/2025\/01\/DSC_4614-1536x1024.jpg 1536w, https:\/\/www.vonfuerstenberg.com\/wp-content\/uploads\/2025\/01\/DSC_4614-2048x1365.jpg 2048w\" sizes=\"(max-width: 1024px) 100vw, 1024px\" \/><\/figure>\n\n\n\n<figure class=\"wp-block-image size-large\"><img loading=\"lazy\" decoding=\"async\" width=\"1024\" height=\"1024\" data-id=\"511\" src=\"https:\/\/www.vonfuerstenberg.com\/wp-content\/uploads\/2025\/01\/DSC_4612-1024x1024.jpg\" alt=\"\" class=\"wp-image-511\" srcset=\"https:\/\/www.vonfuerstenberg.com\/wp-content\/uploads\/2025\/01\/DSC_4612-1024x1024.jpg 1024w, https:\/\/www.vonfuerstenberg.com\/wp-content\/uploads\/2025\/01\/DSC_4612-300x300.jpg 300w, https:\/\/www.vonfuerstenberg.com\/wp-content\/uploads\/2025\/01\/DSC_4612-150x150.jpg 150w, https:\/\/www.vonfuerstenberg.com\/wp-content\/uploads\/2025\/01\/DSC_4612-768x768.jpg 768w, https:\/\/www.vonfuerstenberg.com\/wp-content\/uploads\/2025\/01\/DSC_4612-1536x1536.jpg 1536w, https:\/\/www.vonfuerstenberg.com\/wp-content\/uploads\/2025\/01\/DSC_4612-2048x2048.jpg 2048w\" sizes=\"(max-width: 1024px) 100vw, 1024px\" \/><\/figure>\n\n\n\n<figure class=\"wp-block-image size-large\"><img decoding=\"async\" width=\"683\" height=\"1024\" data-id=\"510\" src=\"https:\/\/www.vonfuerstenberg.com\/wp-content\/uploads\/2025\/01\/DSC_4609-683x1024.jpg\" alt=\"\" class=\"wp-image-510\" srcset=\"https:\/\/www.vonfuerstenberg.com\/wp-content\/uploads\/2025\/01\/DSC_4609-683x1024.jpg 683w, https:\/\/www.vonfuerstenberg.com\/wp-content\/uploads\/2025\/01\/DSC_4609-200x300.jpg 200w, https:\/\/www.vonfuerstenberg.com\/wp-content\/uploads\/2025\/01\/DSC_4609-768x1152.jpg 768w, https:\/\/www.vonfuerstenberg.com\/wp-content\/uploads\/2025\/01\/DSC_4609-1024x1536.jpg 1024w, https:\/\/www.vonfuerstenberg.com\/wp-content\/uploads\/2025\/01\/DSC_4609-1365x2048.jpg 1365w, https:\/\/www.vonfuerstenberg.com\/wp-content\/uploads\/2025\/01\/DSC_4609-scaled.jpg 1707w\" sizes=\"(max-width: 683px) 100vw, 683px\" \/><\/figure>\n<\/figure>\n\n\n\n<p class=\"wp-block-paragraph\"><\/p>\n","protected":false},"excerpt":{"rendered":"<p>Kunst trifft Architektur \u2013 eine perfekte Symbiose bei Trisor M\u00fcnchen \u2728 Seit letzter Woche bereichert eine ganz besondere Kunstausstellung von Stephanie von F\u00fcrstenberg unseren Trisor-Standort in M\u00fcnchen. Die Werke der K\u00fcnstlerin, die Teil des von VISIONARY CONCEPT N\u00b032\/5 kuratierten &#8222;Gold Series&#8220;-Projekts sind, f\u00fcgen sich nahtlos in das beeindruckende Design von Hadi Teherani ein, dem renommierten [&hellip;]<\/p>\n","protected":false},"author":1,"featured_media":511,"comment_status":"closed","ping_status":"closed","sticky":false,"template":"","format":"standard","meta":{"footnotes":""},"categories":[1],"tags":[],"class_list":["post-425","post","type-post","status-publish","format-standard","has-post-thumbnail","hentry","category-uncategorized"],"_links":{"self":[{"href":"https:\/\/www.vonfuerstenberg.com\/index.php\/wp-json\/wp\/v2\/posts\/425","targetHints":{"allow":["GET"]}}],"collection":[{"href":"https:\/\/www.vonfuerstenberg.com\/index.php\/wp-json\/wp\/v2\/posts"}],"about":[{"href":"https:\/\/www.vonfuerstenberg.com\/index.php\/wp-json\/wp\/v2\/types\/post"}],"author":[{"embeddable":true,"href":"https:\/\/www.vonfuerstenberg.com\/index.php\/wp-json\/wp\/v2\/users\/1"}],"replies":[{"embeddable":true,"href":"https:\/\/www.vonfuerstenberg.com\/index.php\/wp-json\/wp\/v2\/comments?post=425"}],"version-history":[{"count":7,"href":"https:\/\/www.vonfuerstenberg.com\/index.php\/wp-json\/wp\/v2\/posts\/425\/revisions"}],"predecessor-version":[{"id":1222,"href":"https:\/\/www.vonfuerstenberg.com\/index.php\/wp-json\/wp\/v2\/posts\/425\/revisions\/1222"}],"wp:featuredmedia":[{"embeddable":true,"href":"https:\/\/www.vonfuerstenberg.com\/index.php\/wp-json\/wp\/v2\/media\/511"}],"wp:attachment":[{"href":"https:\/\/www.vonfuerstenberg.com\/index.php\/wp-json\/wp\/v2\/media?parent=425"}],"wp:term":[{"taxonomy":"category","embeddable":true,"href":"https:\/\/www.vonfuerstenberg.com\/index.php\/wp-json\/wp\/v2\/categories?post=425"},{"taxonomy":"post_tag","embeddable":true,"href":"https:\/\/www.vonfuerstenberg.com\/index.php\/wp-json\/wp\/v2\/tags?post=425"}],"curies":[{"name":"wp","href":"https:\/\/api.w.org\/{rel}","templated":true}]}}