{"id":465,"date":"2016-12-01T12:50:00","date_gmt":"2016-12-01T12:50:00","guid":{"rendered":"https:\/\/www.vonfuerstenberg.com\/?p=465"},"modified":"2025-01-21T12:53:14","modified_gmt":"2025-01-21T12:53:14","slug":"vernissage-in-richterswil","status":"publish","type":"post","link":"https:\/\/www.vonfuerstenberg.com\/index.php\/2016\/12\/01\/vernissage-in-richterswil\/","title":{"rendered":"Vernissage in Richterswil"},"content":{"rendered":"\n<p class=\"wp-block-paragraph\">Nicols Fine Art&nbsp;in Richterswil veranstaltet Stephanies n\u00e4chste Vernissage in der Schweiz. Die kleine aber feine&nbsp;Galerie stellt ausgew\u00e4hlte Werke und Schmuck von&nbsp;Stephanie aus.<\/p>\n\n\n\n<p class=\"wp-block-paragraph\">Die Galerie Nicols war vorher in D\u00fcsseldorf-Kaiserswerth ans\u00e4ssig und hat im April 2016 &nbsp;den&nbsp; Schritt&nbsp; an den&nbsp;Z\u00fcrichsee gewagt.<\/p>\n\n\n\n<p class=\"wp-block-paragraph\">Gibt es eine sch\u00f6nere Art den Advent zu feiern, als umgeben&nbsp;von guter&nbsp;Kunst, inspirierender Musik und anregender Gesellschaft? L\u00e4uten Sie mit uns bei einem Ap\u00e9ro die Weihnachtszeit ein.<\/p>\n\n\n\n<p class=\"wp-block-paragraph\">Stephan Kaddick aus M\u00fcnchen stellt ausgew\u00e4hlte, von Stephanie entworfene Schmuckst\u00fccke vor. Peter E. Mueller-Kovacs und Martin Jaeger komplementieren mit den Kl\u00e4ngen von \u201aTimeless Zeitgeist\u2018 die Bilder dieser Ausstellung.<\/p>\n","protected":false},"excerpt":{"rendered":"<p>Nicols Fine Art&nbsp;in Richterswil veranstaltet Stephanies n\u00e4chste Vernissage in der Schweiz. Die kleine aber feine&nbsp;Galerie stellt ausgew\u00e4hlte Werke und Schmuck von&nbsp;Stephanie aus. Die Galerie Nicols war vorher in D\u00fcsseldorf-Kaiserswerth ans\u00e4ssig und hat im April 2016 &nbsp;den&nbsp; Schritt&nbsp; an den&nbsp;Z\u00fcrichsee gewagt. Gibt es eine sch\u00f6nere Art den Advent zu feiern, als umgeben&nbsp;von guter&nbsp;Kunst, inspirierender Musik und [&hellip;]<\/p>\n","protected":false},"author":1,"featured_media":466,"comment_status":"open","ping_status":"open","sticky":false,"template":"","format":"standard","meta":{"footnotes":""},"categories":[1],"tags":[],"class_list":["post-465","post","type-post","status-publish","format-standard","has-post-thumbnail","hentry","category-uncategorized"],"_links":{"self":[{"href":"https:\/\/www.vonfuerstenberg.com\/index.php\/wp-json\/wp\/v2\/posts\/465","targetHints":{"allow":["GET"]}}],"collection":[{"href":"https:\/\/www.vonfuerstenberg.com\/index.php\/wp-json\/wp\/v2\/posts"}],"about":[{"href":"https:\/\/www.vonfuerstenberg.com\/index.php\/wp-json\/wp\/v2\/types\/post"}],"author":[{"embeddable":true,"href":"https:\/\/www.vonfuerstenberg.com\/index.php\/wp-json\/wp\/v2\/users\/1"}],"replies":[{"embeddable":true,"href":"https:\/\/www.vonfuerstenberg.com\/index.php\/wp-json\/wp\/v2\/comments?post=465"}],"version-history":[{"count":1,"href":"https:\/\/www.vonfuerstenberg.com\/index.php\/wp-json\/wp\/v2\/posts\/465\/revisions"}],"predecessor-version":[{"id":467,"href":"https:\/\/www.vonfuerstenberg.com\/index.php\/wp-json\/wp\/v2\/posts\/465\/revisions\/467"}],"wp:featuredmedia":[{"embeddable":true,"href":"https:\/\/www.vonfuerstenberg.com\/index.php\/wp-json\/wp\/v2\/media\/466"}],"wp:attachment":[{"href":"https:\/\/www.vonfuerstenberg.com\/index.php\/wp-json\/wp\/v2\/media?parent=465"}],"wp:term":[{"taxonomy":"category","embeddable":true,"href":"https:\/\/www.vonfuerstenberg.com\/index.php\/wp-json\/wp\/v2\/categories?post=465"},{"taxonomy":"post_tag","embeddable":true,"href":"https:\/\/www.vonfuerstenberg.com\/index.php\/wp-json\/wp\/v2\/tags?post=465"}],"curies":[{"name":"wp","href":"https:\/\/api.w.org\/{rel}","templated":true}]}}