{"id":475,"date":"2016-10-16T18:00:00","date_gmt":"2016-10-16T18:00:00","guid":{"rendered":"https:\/\/www.vonfuerstenberg.com\/?p=475"},"modified":"2025-01-21T13:01:04","modified_gmt":"2025-01-21T13:01:04","slug":"ueber-stephanies-malerei","status":"publish","type":"post","link":"https:\/\/www.vonfuerstenberg.com\/index.php\/2016\/10\/16\/ueber-stephanies-malerei\/","title":{"rendered":"\u00dcber Stephanies Malerei"},"content":{"rendered":"\n<p class=\"wp-block-paragraph\">\u00dcber die Malerei von STEPHANIE von F\u00dcRSTENBERG<\/p>\n\n\n\n<p class=\"wp-block-paragraph\">Stephanie von F\u00fcrstenbergs Gem\u00e4lde bezaubern uns mit ihrer Poesie aus leuchtenden Farben.<\/p>\n\n\n\n<p class=\"wp-block-paragraph\">\u201aZauberfl\u00f6te der Sterne\u2018, \u201aRigoletto\u2018 oder \u201aNebelsymphonien\u2018 hat die K\u00fcnstlerin ihre Arbeiten genannt. Mit solch klangvollen Titeln werden Br\u00fccken hin\u00fcber in die Welt der Musik geschlagen.&nbsp;Tats\u00e4chlich sp\u00fcrt die Malerin dem Klang der Farben nach.<\/p>\n\n\n\n<p class=\"wp-block-paragraph\">Darf man in diesen ungegenst\u00e4ndlichen Werken nach etwas Realem suchen? Warum nicht.&nbsp;Dort wo die blaugr\u00fcne Farbe des Meeres sanft in einen rosafarbenen Abendhimmel \u00fcbergeht, sind doch \u2013 mit etwas Phantasie \u2013 eine Horizontlinie und eine zarte landschaftliche Anmutung zu ahnen.<\/p>\n\n\n\n<p class=\"wp-block-paragraph\">Letztlich f\u00fchren solche Assoziationen aber ins intellektuelle Abseits.&nbsp;Denn diese Malerei will nichts \u00c4u\u00dferliches abbilden. Es sind die inneren Bilder die hier zu Erscheinung werden.&nbsp;<\/p>\n\n\n\n<p class=\"wp-block-paragraph\">\u201eIch denke an nichts, wenn ich male. Ich sehe Farben\u201c, hat der ber\u00fchmte Maler Paul C\u00e9zanne einmal gesagt.<\/p>\n\n\n\n<p class=\"wp-block-paragraph\">Stephanie von F\u00fcrstenberg dr\u00fcckt dies ganz \u00e4hnlich aus, wenn sie erkl\u00e4rt:&nbsp;\u201eDie Farbe macht, was sie will. Sie f\u00fchrt meine H\u00e4nde. So sp\u00fcre ich die Farben.\u201c<\/p>\n\n\n\n<p class=\"wp-block-paragraph\">Auf ihren Leinw\u00e4nden entfalten die Farben ein pr\u00e4chtiges Eigenleben. Alles ist Farbe, Licht, Bewegung, Luftigkeit, Nebel und Himmel. Das Erdenschwere und die dunklen Schatten spart die dem Leben zugewandte K\u00fcnstlerin in der Regel aus. Offensichtlich ist ihr die Befreiung der Farbe zu einer Herzensangelegenheit geworden. Ihre Rot-, Blau- oder Gelbt\u00f6ne bezeichnen deshalb nicht einen bestimmten Gegenstand, sondern sie leben und leuchten aus sich selbst heraus. Ein gro\u00dfer Optimismus spricht aus diesen Bildern, und ein Traum von der Schwerelosigkeit des Himmels, der in manchem Gem\u00e4lde wie ein Blick in den (inneren und \u00e4u\u00dferen) Kosmos zum Ausdruck kommt, wird wahr.<\/p>\n\n\n\n<p class=\"wp-block-paragraph\">Trotzt aller Leuchtkraft der Farben, liegt \u00fcber dieser Malerei eine selbstbewu\u00dfte Ruhe.Ganz Wesentliches wird zum Thema:&nbsp;Die elementare Kraft der Farbe und die Kraft der Elemente, die Suche nach Urspr\u00fcnglichkeit und Reinheit \u2013 und nicht zuletzt der Glaube an Sch\u00f6nheit und \u00c4sthetik.<\/p>\n\n\n\n<p class=\"wp-block-paragraph\">Dass diese Gem\u00e4lde gelingen, ist dem Mut einer K\u00fcnstlerin zu verdanken, die ihrer inneren Eingebung vertraut.<\/p>\n\n\n\n<p class=\"wp-block-paragraph\">Klaus Sebastian 2016&nbsp;<\/p>\n","protected":false},"excerpt":{"rendered":"<p>\u00dcber die Malerei von STEPHANIE von F\u00dcRSTENBERG Stephanie von F\u00fcrstenbergs Gem\u00e4lde bezaubern uns mit ihrer Poesie aus leuchtenden Farben. \u201aZauberfl\u00f6te der Sterne\u2018, \u201aRigoletto\u2018 oder \u201aNebelsymphonien\u2018 hat die K\u00fcnstlerin ihre Arbeiten genannt. Mit solch klangvollen Titeln werden Br\u00fccken hin\u00fcber in die Welt der Musik geschlagen.&nbsp;Tats\u00e4chlich sp\u00fcrt die Malerin dem Klang der Farben nach. Darf man in [&hellip;]<\/p>\n","protected":false},"author":1,"featured_media":476,"comment_status":"open","ping_status":"open","sticky":false,"template":"","format":"standard","meta":{"footnotes":""},"categories":[1],"tags":[],"class_list":["post-475","post","type-post","status-publish","format-standard","has-post-thumbnail","hentry","category-uncategorized"],"_links":{"self":[{"href":"https:\/\/www.vonfuerstenberg.com\/index.php\/wp-json\/wp\/v2\/posts\/475","targetHints":{"allow":["GET"]}}],"collection":[{"href":"https:\/\/www.vonfuerstenberg.com\/index.php\/wp-json\/wp\/v2\/posts"}],"about":[{"href":"https:\/\/www.vonfuerstenberg.com\/index.php\/wp-json\/wp\/v2\/types\/post"}],"author":[{"embeddable":true,"href":"https:\/\/www.vonfuerstenberg.com\/index.php\/wp-json\/wp\/v2\/users\/1"}],"replies":[{"embeddable":true,"href":"https:\/\/www.vonfuerstenberg.com\/index.php\/wp-json\/wp\/v2\/comments?post=475"}],"version-history":[{"count":1,"href":"https:\/\/www.vonfuerstenberg.com\/index.php\/wp-json\/wp\/v2\/posts\/475\/revisions"}],"predecessor-version":[{"id":477,"href":"https:\/\/www.vonfuerstenberg.com\/index.php\/wp-json\/wp\/v2\/posts\/475\/revisions\/477"}],"wp:featuredmedia":[{"embeddable":true,"href":"https:\/\/www.vonfuerstenberg.com\/index.php\/wp-json\/wp\/v2\/media\/476"}],"wp:attachment":[{"href":"https:\/\/www.vonfuerstenberg.com\/index.php\/wp-json\/wp\/v2\/media?parent=475"}],"wp:term":[{"taxonomy":"category","embeddable":true,"href":"https:\/\/www.vonfuerstenberg.com\/index.php\/wp-json\/wp\/v2\/categories?post=475"},{"taxonomy":"post_tag","embeddable":true,"href":"https:\/\/www.vonfuerstenberg.com\/index.php\/wp-json\/wp\/v2\/tags?post=475"}],"curies":[{"name":"wp","href":"https:\/\/api.w.org\/{rel}","templated":true}]}}