{"id":536,"date":"2017-11-25T13:59:00","date_gmt":"2017-11-25T13:59:00","guid":{"rendered":"https:\/\/www.vonfuerstenberg.com\/?p=536"},"modified":"2025-01-21T14:05:40","modified_gmt":"2025-01-21T14:05:40","slug":"vernissage-in-zuerich","status":"publish","type":"post","link":"https:\/\/www.vonfuerstenberg.com\/index.php\/2017\/11\/25\/vernissage-in-zuerich\/","title":{"rendered":"Vernissage in Z\u00fcrich"},"content":{"rendered":"\n<p class=\"wp-block-paragraph\"><strong>Bald ist es wieder soweit!<\/strong><\/p>\n\n\n\n<p class=\"wp-block-paragraph\">Stephanie von F\u00fcrstenberg stellt ihre neuesten Werke in der Gallerie Elten &amp; Elten in Z\u00fcrich aus. Reservieren Sie sich dieses Datum f\u00fcr eine wundervolle Show.<\/p>\n\n\n\n<p class=\"wp-block-paragraph\"><\/p>\n\n\n\n<p class=\"wp-block-paragraph\">Vernissage: 13:00-17:00 Uhr <br>Finissage am 25. November\u00a02017, 13:00-15:00 Uhr<\/p>\n\n\n\n<p class=\"wp-block-paragraph\"><\/p>\n\n\n\n<p class=\"wp-block-paragraph\">Adresse:<br>Elten &amp; Elten <br>Wilfriedstrasse 19<br>8032 Zurich<\/p>\n\n\n\n<p class=\"wp-block-paragraph\"><a href=\"http:\/\/www.mve.ch\/\" target=\"_blank\" rel=\"noopener\">www.mve.ch<\/a><\/p>\n\n\n\n<p class=\"wp-block-paragraph\"><\/p>\n","protected":false},"excerpt":{"rendered":"<p>Bald ist es wieder soweit! Stephanie von F\u00fcrstenberg stellt ihre neuesten Werke in der Gallerie Elten &amp; Elten in Z\u00fcrich aus. Reservieren Sie sich dieses Datum f\u00fcr eine wundervolle Show. Vernissage: 13:00-17:00 Uhr Finissage am 25. November\u00a02017, 13:00-15:00 Uhr Adresse:Elten &amp; Elten Wilfriedstrasse 198032 Zurich www.mve.ch<\/p>\n","protected":false},"author":1,"featured_media":538,"comment_status":"open","ping_status":"open","sticky":false,"template":"","format":"standard","meta":{"footnotes":""},"categories":[1],"tags":[],"class_list":["post-536","post","type-post","status-publish","format-standard","has-post-thumbnail","hentry","category-uncategorized"],"_links":{"self":[{"href":"https:\/\/www.vonfuerstenberg.com\/index.php\/wp-json\/wp\/v2\/posts\/536","targetHints":{"allow":["GET"]}}],"collection":[{"href":"https:\/\/www.vonfuerstenberg.com\/index.php\/wp-json\/wp\/v2\/posts"}],"about":[{"href":"https:\/\/www.vonfuerstenberg.com\/index.php\/wp-json\/wp\/v2\/types\/post"}],"author":[{"embeddable":true,"href":"https:\/\/www.vonfuerstenberg.com\/index.php\/wp-json\/wp\/v2\/users\/1"}],"replies":[{"embeddable":true,"href":"https:\/\/www.vonfuerstenberg.com\/index.php\/wp-json\/wp\/v2\/comments?post=536"}],"version-history":[{"count":5,"href":"https:\/\/www.vonfuerstenberg.com\/index.php\/wp-json\/wp\/v2\/posts\/536\/revisions"}],"predecessor-version":[{"id":543,"href":"https:\/\/www.vonfuerstenberg.com\/index.php\/wp-json\/wp\/v2\/posts\/536\/revisions\/543"}],"wp:featuredmedia":[{"embeddable":true,"href":"https:\/\/www.vonfuerstenberg.com\/index.php\/wp-json\/wp\/v2\/media\/538"}],"wp:attachment":[{"href":"https:\/\/www.vonfuerstenberg.com\/index.php\/wp-json\/wp\/v2\/media?parent=536"}],"wp:term":[{"taxonomy":"category","embeddable":true,"href":"https:\/\/www.vonfuerstenberg.com\/index.php\/wp-json\/wp\/v2\/categories?post=536"},{"taxonomy":"post_tag","embeddable":true,"href":"https:\/\/www.vonfuerstenberg.com\/index.php\/wp-json\/wp\/v2\/tags?post=536"}],"curies":[{"name":"wp","href":"https:\/\/api.w.org\/{rel}","templated":true}]}}